{"id":1246,"date":"2019-02-03T16:40:41","date_gmt":"2019-02-03T13:40:41","guid":{"rendered":"http:\/\/ajaksi.fi\/wp\/?p=1246"},"modified":"2019-03-08T19:51:26","modified_gmt":"2019-03-08T16:51:26","slug":"09-03-2019-omatalo-ralli","status":"publish","type":"post","link":"https:\/\/ajaksi.fi\/wp\/09-03-2019-omatalo-ralli\/","title":{"rendered":"09.03.2019 Omatalo-Ralli"},"content":{"rendered":"<p>R-Rallicupin osakilpailu Sonkaj\u00e4rvell\u00e4 09.03.<!--more--><\/p>\n<p>Lis\u00e4tiedot suoraan kilpailunj\u00e4rjest\u00e4j\u00e4lt\u00e4:<\/p>\n<p>Kilpailunjohtaja: Mika Sirvio 044-7237184<\/p>\n<p>2. Kilpailunjohtaja Jouko M\u00e4h\u00f6nen 0400-307200<\/p>\n<p>Kilpailun Sihteeri: Liisa Tuovinen, <a href=\"mailto:tuovili@gmail.com\">tuovili@gmail.com<\/a><\/p>\n<p style=\"text-align: center;\"><a href=\"http:\/\/ajaksi.fi\/wp\/wp-content\/uploads\/2019\/02\/omatalo.pdf\"><strong>S\u00c4\u00c4NN\u00d6T<\/strong><\/a><\/p>\n<p style=\"text-align: center;\"><a href=\"https:\/\/www.dropbox.com\/s\/go2nxa3f3ylopdl\/lahtoluettelo.pdf?dl=0\" target=\"_blank\" rel=\"noopener\"><strong>OSALLISTUJALUETTELO<\/strong><\/a><\/p>\n<p style=\"text-align: center;\"><strong><a href=\"https:\/\/www.dropbox.com\/s\/slufl45qo9rph8m\/kilpailijainfo.pdf?dl=0\" target=\"_blank\" rel=\"noopener\">KILPAILIJAINFO<\/a><\/strong><\/p>\n<p style=\"text-align: center;\"><strong><a href=\"http:\/\/ajaksi.fi\/wp\/wp-content\/uploads\/2019\/02\/kuuluttaja.pdf\">KUULUTTAJALOMAKE<\/a><\/strong><\/p>\n<p style=\"text-align: center;\"><a href=\"https:\/\/www.dropbox.com\/s\/uuk1o2hpbitbg48\/karttapohja.pdf?dl=0\" target=\"_blank\" rel=\"noopener\"><strong>KARTTA<\/strong><\/a><\/p>\n<p style=\"text-align: center;\"><a href=\"https:\/\/www.dropbox.com\/s\/9rwft8n14gvhfoa\/alaikainen.pdf?dl=0\" target=\"_blank\" rel=\"noopener\"><strong>ALAIK\u00c4ISEN KULJETTAJAN VASTUUVAPAUS<\/strong><\/a><\/p>\n<p style=\"text-align: center;\"><a href=\"http:\/\/ajaksi.fi\/wp\/wp-content\/uploads\/2019\/01\/Tekniikkalomake_Hamu.pdf\"><strong>TEKNIIKKALOMAKE<\/strong><\/a><\/p>\n","protected":false},"excerpt":{"rendered":"<p>R-Rallicupin osakilpailu Sonkaj\u00e4rvell\u00e4 09.03.<\/p>\n","protected":false},"author":2,"featured_media":1247,"comment_status":"closed","ping_status":"closed","sticky":false,"template":"","format":"standard","meta":{"footnotes":""},"categories":[1],"tags":[],"_links":{"self":[{"href":"https:\/\/ajaksi.fi\/wp\/wp-json\/wp\/v2\/posts\/1246"}],"collection":[{"href":"https:\/\/ajaksi.fi\/wp\/wp-json\/wp\/v2\/posts"}],"about":[{"href":"https:\/\/ajaksi.fi\/wp\/wp-json\/wp\/v2\/types\/post"}],"author":[{"embeddable":true,"href":"https:\/\/ajaksi.fi\/wp\/wp-json\/wp\/v2\/users\/2"}],"replies":[{"embeddable":true,"href":"https:\/\/ajaksi.fi\/wp\/wp-json\/wp\/v2\/comments?post=1246"}],"version-history":[{"count":11,"href":"https:\/\/ajaksi.fi\/wp\/wp-json\/wp\/v2\/posts\/1246\/revisions"}],"predecessor-version":[{"id":1336,"href":"https:\/\/ajaksi.fi\/wp\/wp-json\/wp\/v2\/posts\/1246\/revisions\/1336"}],"wp:featuredmedia":[{"embeddable":true,"href":"https:\/\/ajaksi.fi\/wp\/wp-json\/wp\/v2\/media\/1247"}],"wp:attachment":[{"href":"https:\/\/ajaksi.fi\/wp\/wp-json\/wp\/v2\/media?parent=1246"}],"wp:term":[{"taxonomy":"category","embeddable":true,"href":"https:\/\/ajaksi.fi\/wp\/wp-json\/wp\/v2\/categories?post=1246"},{"taxonomy":"post_tag","embeddable":true,"href":"https:\/\/ajaksi.fi\/wp\/wp-json\/wp\/v2\/tags?post=1246"}],"curies":[{"name":"wp","href":"https:\/\/api.w.org\/{rel}","templated":true}]}}